{"id":1915,"date":"2026-04-30T11:11:08","date_gmt":"2026-04-30T11:11:08","guid":{"rendered":"https:\/\/praxfer.com\/?p=1915"},"modified":"2026-04-30T11:28:51","modified_gmt":"2026-04-30T11:28:51","slug":"que-significa-calidad-de-vida-en-una-vivienda-hoy","status":"publish","type":"post","link":"https:\/\/praxfer.com\/en\/que-significa-calidad-de-vida-en-una-vivienda-hoy\/","title":{"rendered":"Qu\u00e9 significa realmente calidad de vida en una vivienda hoy"},"content":{"rendered":"\n<div class=\"wp-block-group container\"><div class=\"wp-block-group__inner-container is-layout-constrained wp-block-group-is-layout-constrained\">\n<p>Hace unos a\u00f1os, si le preguntabas a alguien qu\u00e9 buscaba en una vivienda, la respuesta era predecible: metros, precio, zona. Un listado. Algo que comparar en una hoja de c\u00e1lculo. Hoy esa conversaci\u00f3n ha cambiado. El comprador de vivienda premium ya no busca solo un activo. Busca una forma de vivir. Y eso es mucho m\u00e1s dif\u00edcil de medir, y mucho m\u00e1s f\u00e1cil de sentir.<\/p>\n\n\n\n<h2 class=\"wp-block-heading\">\u00cdndice<\/h2>\n\n\n\n<ol class=\"wp-block-list\">\n<li><a href=\"#titulo-1\">La trampa de los metros cuadrados<\/a><\/li>\n\n\n\n<li><a href=\"#titulo-2\">Lo que el comprador de hoy realmente pregunta<\/a><\/li>\n\n\n\n<li><a href=\"#titulo-3\">Las cinco dimensiones que nadie te explica al comprar<\/a><\/li>\n\n\n\n<li><a href=\"#titulo-4\">El papel del dise\u00f1o en todo esto<\/a><\/li>\n\n\n\n<li><a href=\"#titulo-5\">Una \u00faltima reflexi\u00f3n<\/a><\/li>\n<\/ol>\n\n\n\n<div class=\"wp-block-columns shadowbox is-layout-flex wp-container-core-columns-is-layout-9d6595d7 wp-block-columns-is-layout-flex\" id=\"titulo-1\">\n<div class=\"wp-block-column is-layout-flow wp-block-column-is-layout-flow\">\n<h2 class=\"wp-block-heading\">1. La trampa de los metros cuadrados<\/h2>\n\n\n\n<p>Durante d\u00e9cadas, el sector inmobiliario habl\u00f3 de superficie como proxy de calidad. M\u00e1s metros, mejor vivienda. Era una simplificaci\u00f3n c\u00f3moda.<\/p>\n\n\n\n<p>El problema es que los metros no te dicen nada sobre si la luz de la tarde entra en el sal\u00f3n. No te dicen si el dormitorio principal da al jard\u00edn o a la calle. No te dicen si el espacio te hace querer quedarte en casa o salir de ella lo antes posible.<\/p>\n\n\n\n<p>Un \u00e1tico de 400 m\u00b2 mal orientado puede hacerte sentir encerrado. Una vivienda de 180 m\u00b2 bien dise\u00f1ada puede sentirse como el lugar m\u00e1s libre que hayas habitado.<\/p>\n\n\n\n<p>La superficie importa. Pero es un ingrediente, no la receta.<br><\/p>\n<\/div>\n\n\n\n<div class=\"wp-block-column is-layout-flow wp-block-column-is-layout-flow\">\n<div class=\"wp-block-cover is-light\"><img loading=\"lazy\" decoding=\"async\" width=\"2560\" height=\"1097\" class=\"wp-block-cover__image-background wp-image-1908 size-full\" alt=\"al\u00f3n de dise\u00f1o con materiales naturales, piedra y madera, en vivienda premium de obra nueva\" src=\"https:\/\/praxfer.com\/wp-content\/uploads\/2026\/04\/01_VIV28-TIP03_Vivienda-Salon_1.jpg\" data-object-fit=\"cover\" srcset=\"https:\/\/praxfer.com\/wp-content\/uploads\/2026\/04\/01_VIV28-TIP03_Vivienda-Salon_1.jpg 2560w, https:\/\/praxfer.com\/wp-content\/uploads\/2026\/04\/01_VIV28-TIP03_Vivienda-Salon_1-1200x514.jpg 1200w, https:\/\/praxfer.com\/wp-content\/uploads\/2026\/04\/01_VIV28-TIP03_Vivienda-Salon_1-1920x823.jpg 1920w, https:\/\/praxfer.com\/wp-content\/uploads\/2026\/04\/01_VIV28-TIP03_Vivienda-Salon_1-768x329.jpg 768w, https:\/\/praxfer.com\/wp-content\/uploads\/2026\/04\/01_VIV28-TIP03_Vivienda-Salon_1-1536x658.jpg 1536w, https:\/\/praxfer.com\/wp-content\/uploads\/2026\/04\/01_VIV28-TIP03_Vivienda-Salon_1-2048x878.jpg 2048w\" sizes=\"auto, (max-width: 2560px) 100vw, 2560px\" \/><span aria-hidden=\"true\" class=\"wp-block-cover__background has-background-dim-0 has-background-dim\" style=\"background-color:#8d837b\"><\/span><div class=\"wp-block-cover__inner-container is-layout-flow wp-block-cover-is-layout-flow\">\n<p class=\"has-text-align-center has-large-font-size\"><\/p>\n<\/div><\/div>\n<\/div>\n<\/div>\n\n\n\n<div class=\"wp-block-columns shadowbox is-layout-flex wp-container-core-columns-is-layout-9d6595d7 wp-block-columns-is-layout-flex\" id=\"titulo-2\">\n<div class=\"wp-block-column is-layout-flow wp-block-column-is-layout-flow\">\n<h2 class=\"wp-block-heading\">2. Lo que el comprador de hoy realmente pregunta<\/h2>\n\n\n\n<p>En nuestra experiencia en Praxfer Homes, las conversaciones con futuros propietarios han cambiado de forma notable en los \u00faltimos a\u00f1os. Las preguntas ya no empiezan por cu\u00e1nto. Empiezan por c\u00f3mo.<\/p>\n\n\n\n<p>\u00bfC\u00f3mo entra la luz por la ma\u00f1ana? \u00bfHay espacio donde pueda trabajar en silencio? \u00bfEl jard\u00edn es privado o compartido? \u00bfSe nota el ruido del exterior?<\/p>\n\n\n\n<p>Son preguntas de alguien que ya no solo invierte. Que va a vivir ah\u00ed. Que quiere que ese espacio lo ayude a vivir mejor, no que simplemente lo contenga.<\/p>\n\n\n\n<p>Eso es calidad de vida. Y es mucho m\u00e1s exigente que la calidad de construcci\u00f3n, aunque esta sea el punto de partida.<br><\/p>\n<\/div>\n\n\n\n<div class=\"wp-block-column is-layout-flow wp-block-column-is-layout-flow\">\n<div class=\"wp-block-cover is-light\"><img loading=\"lazy\" decoding=\"async\" width=\"2560\" height=\"1440\" class=\"wp-block-cover__image-background wp-image-1910 size-full\" alt=\"Terraza solarium con vistas panor\u00e1micas al mar Mediterr\u00e1neo en vivienda de lujo\" src=\"https:\/\/praxfer.com\/wp-content\/uploads\/2026\/04\/05_VIV139_TIP40_Vivienda-Terraza-Solarium-A.jpg\" data-object-fit=\"cover\" srcset=\"https:\/\/praxfer.com\/wp-content\/uploads\/2026\/04\/05_VIV139_TIP40_Vivienda-Terraza-Solarium-A.jpg 2560w, https:\/\/praxfer.com\/wp-content\/uploads\/2026\/04\/05_VIV139_TIP40_Vivienda-Terraza-Solarium-A-1200x675.jpg 1200w, https:\/\/praxfer.com\/wp-content\/uploads\/2026\/04\/05_VIV139_TIP40_Vivienda-Terraza-Solarium-A-1920x1080.jpg 1920w, https:\/\/praxfer.com\/wp-content\/uploads\/2026\/04\/05_VIV139_TIP40_Vivienda-Terraza-Solarium-A-768x432.jpg 768w, https:\/\/praxfer.com\/wp-content\/uploads\/2026\/04\/05_VIV139_TIP40_Vivienda-Terraza-Solarium-A-1536x864.jpg 1536w, https:\/\/praxfer.com\/wp-content\/uploads\/2026\/04\/05_VIV139_TIP40_Vivienda-Terraza-Solarium-A-2048x1152.jpg 2048w\" sizes=\"auto, (max-width: 2560px) 100vw, 2560px\" \/><span aria-hidden=\"true\" class=\"wp-block-cover__background has-background-dim-0 has-background-dim\" style=\"background-color:#979da9\"><\/span><div class=\"wp-block-cover__inner-container is-layout-flow wp-block-cover-is-layout-flow\">\n<p class=\"has-text-align-center has-large-font-size\"><\/p>\n<\/div><\/div>\n<\/div>\n<\/div>\n\n\n\n<div class=\"wp-block-columns shadowbox is-layout-flex wp-container-core-columns-is-layout-9d6595d7 wp-block-columns-is-layout-flex\" id=\"titulo-3\">\n<div class=\"wp-block-column is-layout-flow wp-block-column-is-layout-flow\">\n<h2 class=\"wp-block-heading\">3. Las cinco dimensiones que nadie te explica al comprar<\/h2>\n\n\n\n<p>Cuando analizamos qu\u00e9 convierte una vivienda en un hogar que realmente mejora la vida de quien lo habita, encontramos cinco dimensiones que raramente aparecen en un dossier comercial.<\/p>\n\n\n\n<p><strong>Luz y orientaci\u00f3n.<\/strong> No como dato t\u00e9cnico, sino como experiencia. Una vivienda bien orientada cambia el estado de \u00e1nimo de quien la habita. Dise\u00f1ar para la luz no es est\u00e9tica, es bienestar.<\/p>\n\n\n\n<p><strong>Privacidad real.<\/strong> En un mundo hiperconectado, el hogar es el \u00fanico espacio donde uno decide cu\u00e1ndo est\u00e1 disponible. La privacidad ya no es un lujo, es una necesidad que el dise\u00f1o puede garantizar o ignorar.<\/p>\n\n\n\n<p><strong>Conexi\u00f3n con el exterior.<\/strong> Terraza, jard\u00edn, vistas&#8230; no como metros de bonus, sino como prolongaci\u00f3n real del espacio interior. Una vivienda que dialoga con su entorno natural hace algo que ning\u00fan equipamiento puede lograr: te recuerda d\u00f3nde est\u00e1s.<\/p>\n\n\n\n<p><strong>Funcionalidad invisible.<\/strong> Los mejores espacios son los que no te hacen pensar. La cocina que fluye. Los armarios que est\u00e1n donde los necesitas. La climatizaci\u00f3n que no se oye. Cuando el dise\u00f1o funciona de verdad, desaparece. Y lo que queda es la vida.<\/p>\n\n\n\n<p><strong>Materiales que envejecen bien.<\/strong> La calidad de vida a largo plazo tambi\u00e9n depende de lo que te rodea. Los materiales honestos (los que mejoran con el uso, que no se deterioran a los cinco a\u00f1os) son una decisi\u00f3n de respeto hacia quien va a vivir en ese espacio.<\/p>\n<\/div>\n\n\n\n<div class=\"wp-block-column is-layout-flow wp-block-column-is-layout-flow\">\n<div class=\"wp-block-cover is-light\"><img loading=\"lazy\" decoding=\"async\" width=\"2560\" height=\"1925\" class=\"wp-block-cover__image-background wp-image-1911 size-full\" alt=\"Terraza cubierta con techo de madera y jard\u00edn mediterr\u00e1neo en vivienda de obra nueva\" src=\"https:\/\/praxfer.com\/wp-content\/uploads\/2026\/04\/04_VIV02-TIP03_Terraza-Bajo.jpg\" data-object-fit=\"cover\" srcset=\"https:\/\/praxfer.com\/wp-content\/uploads\/2026\/04\/04_VIV02-TIP03_Terraza-Bajo.jpg 2560w, https:\/\/praxfer.com\/wp-content\/uploads\/2026\/04\/04_VIV02-TIP03_Terraza-Bajo-1200x902.jpg 1200w, https:\/\/praxfer.com\/wp-content\/uploads\/2026\/04\/04_VIV02-TIP03_Terraza-Bajo-1920x1444.jpg 1920w, https:\/\/praxfer.com\/wp-content\/uploads\/2026\/04\/04_VIV02-TIP03_Terraza-Bajo-768x578.jpg 768w, https:\/\/praxfer.com\/wp-content\/uploads\/2026\/04\/04_VIV02-TIP03_Terraza-Bajo-1536x1155.jpg 1536w, https:\/\/praxfer.com\/wp-content\/uploads\/2026\/04\/04_VIV02-TIP03_Terraza-Bajo-2048x1540.jpg 2048w\" sizes=\"auto, (max-width: 2560px) 100vw, 2560px\" \/><span aria-hidden=\"true\" class=\"wp-block-cover__background has-background-dim-0 has-background-dim\" style=\"background-color:#a59789\"><\/span><div class=\"wp-block-cover__inner-container is-layout-flow wp-block-cover-is-layout-flow\">\n<p class=\"has-text-align-center has-large-font-size\"><\/p>\n<\/div><\/div>\n<\/div>\n<\/div>\n\n\n\n<div class=\"wp-block-columns shadowbox is-layout-flex wp-container-core-columns-is-layout-9d6595d7 wp-block-columns-is-layout-flex\" id=\"titulo-4\">\n<div class=\"wp-block-column is-layout-flow wp-block-column-is-layout-flow\">\n<h2 class=\"wp-block-heading\">4. El papel del dise\u00f1o en todo esto<\/h2>\n\n\n\n<p>No todas las \u00e1reas crecen al mismo ritmo. Algunas zonas destacan especialmente Ninguna de estas dimensiones ocurre sola. Ocurren porque alguien las pens\u00f3 antes de poner el primer ladrillo.<\/p>\n\n\n\n<p>El dise\u00f1o (entendido no como decoraci\u00f3n sino como proceso) es la herramienta que convierte una construcci\u00f3n en un hogar funcional. Es la orientaci\u00f3n que se decide en el plano. Es la elecci\u00f3n del material que nadie ver\u00e1 pero que todos tocar\u00e1n. Es el detalle que hace que el espacio respire.<\/p>\n\n\n\n<p>En Praxfer Homes, ese proceso empieza siempre con una pregunta: \u00bfqui\u00e9n va a vivir aqu\u00ed y c\u00f3mo quiere hacerlo? Todo lo dem\u00e1s viene despu\u00e9s.<\/p>\n\n\n\n<p>Porque construir bien no es solo un est\u00e1ndar t\u00e9cnico. Es una responsabilidad hacia las personas que van a confiar su vida cotidiana a lo que creamos.<\/p>\n<\/div>\n\n\n\n<div class=\"wp-block-column is-layout-flow wp-block-column-is-layout-flow\">\n<div class=\"wp-block-cover is-light\"><img loading=\"lazy\" decoding=\"async\" width=\"2560\" height=\"1925\" class=\"wp-block-cover__image-background wp-image-1906 size-full\" alt=\" Sal\u00f3n comedor de dise\u00f1o con cocina integrada y materiales nobles en vivienda premium \" src=\"https:\/\/praxfer.com\/wp-content\/uploads\/2026\/04\/02_VIV21-TIP09_Vivienda-Salon_2.jpg\" data-object-fit=\"cover\" srcset=\"https:\/\/praxfer.com\/wp-content\/uploads\/2026\/04\/02_VIV21-TIP09_Vivienda-Salon_2.jpg 2560w, https:\/\/praxfer.com\/wp-content\/uploads\/2026\/04\/02_VIV21-TIP09_Vivienda-Salon_2-1200x902.jpg 1200w, https:\/\/praxfer.com\/wp-content\/uploads\/2026\/04\/02_VIV21-TIP09_Vivienda-Salon_2-1920x1444.jpg 1920w, https:\/\/praxfer.com\/wp-content\/uploads\/2026\/04\/02_VIV21-TIP09_Vivienda-Salon_2-768x578.jpg 768w, https:\/\/praxfer.com\/wp-content\/uploads\/2026\/04\/02_VIV21-TIP09_Vivienda-Salon_2-1536x1155.jpg 1536w, https:\/\/praxfer.com\/wp-content\/uploads\/2026\/04\/02_VIV21-TIP09_Vivienda-Salon_2-2048x1540.jpg 2048w\" sizes=\"auto, (max-width: 2560px) 100vw, 2560px\" \/><span aria-hidden=\"true\" class=\"wp-block-cover__background has-background-dim-0 has-background-dim\" style=\"background-color:#998c87\"><\/span><div class=\"wp-block-cover__inner-container is-layout-flow wp-block-cover-is-layout-flow\">\n<p class=\"has-text-align-center has-large-font-size\"><\/p>\n<\/div><\/div>\n<\/div>\n<\/div>\n\n\n\n<div class=\"wp-block-columns shadowbox is-layout-flex wp-container-core-columns-is-layout-9d6595d7 wp-block-columns-is-layout-flex\" id=\"titulo-5\">\n<div class=\"wp-block-column is-layout-flow wp-block-column-is-layout-flow\">\n<h2 class=\"wp-block-heading\">5. Una \u00faltima reflexi\u00f3n<\/h2>\n\n\n\n<p>Calidad de vida no es un concepto de marketing. Es algo que se nota en la primera ma\u00f1ana que despiertas en un espacio que funciona para ti. En el primer verano que pasas en una terraza dise\u00f1ada para el clima mediterr\u00e1neo. En el primer invierno que compruebas que la vivienda mantiene la temperatura sin esfuerzo.<\/p>\n\n\n\n<p>No se proclama. Se experimenta.<\/p>\n\n\n\n<p>Y eso, creemos, es exactamente lo que deber\u00eda exigirse a cualquier vivienda que aspire a llamarse premium.<\/p>\n<\/div>\n\n\n\n<div class=\"wp-block-column is-layout-flow wp-block-column-is-layout-flow\">\n<div class=\"wp-block-cover\"><img loading=\"lazy\" decoding=\"async\" width=\"2560\" height=\"1706\" class=\"wp-block-cover__image-background wp-image-1913 size-full\" alt=\"Terraza exterior con iluminaci\u00f3n c\u00e1lida al atardecer en vivienda de lujo\" src=\"https:\/\/praxfer.com\/wp-content\/uploads\/2026\/04\/03_VIV30-TIP30_Vivienda-Terraza_B.jpg\" data-object-fit=\"cover\" srcset=\"https:\/\/praxfer.com\/wp-content\/uploads\/2026\/04\/03_VIV30-TIP30_Vivienda-Terraza_B.jpg 2560w, https:\/\/praxfer.com\/wp-content\/uploads\/2026\/04\/03_VIV30-TIP30_Vivienda-Terraza_B-1200x800.jpg 1200w, https:\/\/praxfer.com\/wp-content\/uploads\/2026\/04\/03_VIV30-TIP30_Vivienda-Terraza_B-1920x1280.jpg 1920w, https:\/\/praxfer.com\/wp-content\/uploads\/2026\/04\/03_VIV30-TIP30_Vivienda-Terraza_B-768x512.jpg 768w, https:\/\/praxfer.com\/wp-content\/uploads\/2026\/04\/03_VIV30-TIP30_Vivienda-Terraza_B-1536x1024.jpg 1536w, https:\/\/praxfer.com\/wp-content\/uploads\/2026\/04\/03_VIV30-TIP30_Vivienda-Terraza_B-2048x1365.jpg 2048w\" sizes=\"auto, (max-width: 2560px) 100vw, 2560px\" \/><span aria-hidden=\"true\" class=\"wp-block-cover__background has-background-dim-0 has-background-dim\" style=\"background-color:#5d5863\"><\/span><div class=\"wp-block-cover__inner-container is-layout-flow wp-block-cover-is-layout-flow\">\n<p class=\"has-text-align-center has-large-font-size\"><\/p>\n<\/div><\/div>\n<\/div>\n<\/div>\n\n\n\n<p><em>Praxfer Homes es una promotora de obra nueva en Marbella especializada en viviendas de dise\u00f1o, sostenibles y con atenci\u00f3n al detalle en cada fase del proceso.<\/em><\/p>\n<\/div><\/div>\n\n\n\n<p><\/p>\n","protected":false},"excerpt":{"rendered":"<p>Hace unos a\u00f1os, si le preguntabas a alguien qu\u00e9 buscaba en una vivienda, la respuesta era predecible: metros, precio, zona. Un listado. Algo que comparar en una hoja de c\u00e1lculo. Hoy esa conversaci\u00f3n ha cambiado&#8230;.<\/p>\n","protected":false},"author":1,"featured_media":1917,"comment_status":"closed","ping_status":"closed","sticky":false,"template":"","format":"standard","meta":{"_acf_changed":false,"inline_featured_image":false,"footnotes":""},"categories":[1],"tags":[],"class_list":["post-1915","post","type-post","status-publish","format-standard","has-post-thumbnail","hentry","category-market-insights"],"acf":[],"yoast_head":"<!-- This site is optimized with the Yoast SEO plugin v27.5 - https:\/\/yoast.com\/product\/yoast-seo-wordpress\/ -->\n<title>Qu\u00e9 significa calidad de vida en una vivienda hoy | Praxfer Homes<\/title>\n<meta name=\"description\" content=\"Metros, precio, ubicaci\u00f3n: ya no es suficiente. Descubre las 5 dimensiones que realmente determinan la calidad de vida en una vivienda premium en Marbella.\" \/>\n<meta name=\"robots\" content=\"index, follow, max-snippet:-1, max-image-preview:large, max-video-preview:-1\" \/>\n<link rel=\"canonical\" href=\"https:\/\/praxfer.com\/en\/que-significa-calidad-de-vida-en-una-vivienda-hoy\/\" \/>\n<meta property=\"og:locale\" content=\"en_US\" \/>\n<meta property=\"og:type\" content=\"article\" \/>\n<meta property=\"og:title\" content=\"Qu\u00e9 significa calidad de vida en una vivienda hoy\" \/>\n<meta property=\"og:description\" content=\"Metros, precio, ubicaci\u00f3n: eso ya no es suficiente. Descubre las cinco dimensiones que realmente determinan la calidad de vida en una vivienda premium en Marbella.\" \/>\n<meta property=\"og:url\" content=\"https:\/\/praxfer.com\/en\/que-significa-calidad-de-vida-en-una-vivienda-hoy\/\" \/>\n<meta property=\"og:site_name\" content=\"PRAXFER\" \/>\n<meta property=\"article:published_time\" content=\"2026-04-30T11:11:08+00:00\" \/>\n<meta property=\"article:modified_time\" content=\"2026-04-30T11:28:51+00:00\" \/>\n<meta property=\"og:image\" content=\"https:\/\/praxfer.com\/wp-content\/uploads\/2026\/04\/05_VIV139_TIP40_Vivienda-Salon.jpg\" \/>\n\t<meta property=\"og:image:width\" content=\"2560\" \/>\n\t<meta property=\"og:image:height\" content=\"1440\" \/>\n\t<meta property=\"og:image:type\" content=\"image\/jpeg\" \/>\n<meta name=\"author\" content=\"im4g3n@p4xfer\" \/>\n<meta name=\"twitter:card\" content=\"summary_large_image\" \/>\n<script type=\"application\/ld+json\" class=\"yoast-schema-graph\">{\"@context\":\"https:\\\/\\\/schema.org\",\"@graph\":[{\"@type\":\"Article\",\"@id\":\"https:\\\/\\\/praxfer.com\\\/en\\\/que-significa-calidad-de-vida-en-una-vivienda-hoy\\\/#article\",\"isPartOf\":{\"@id\":\"https:\\\/\\\/praxfer.com\\\/en\\\/que-significa-calidad-de-vida-en-una-vivienda-hoy\\\/\"},\"author\":{\"name\":\"im4g3n@p4xfer\",\"@id\":\"https:\\\/\\\/praxfer.com\\\/en\\\/#\\\/schema\\\/person\\\/b51c9243580ae3750f755e919be25a49\"},\"headline\":\"Qu\u00e9 significa realmente calidad de vida en una vivienda hoy\",\"datePublished\":\"2026-04-30T11:11:08+00:00\",\"dateModified\":\"2026-04-30T11:28:51+00:00\",\"mainEntityOfPage\":{\"@id\":\"https:\\\/\\\/praxfer.com\\\/en\\\/que-significa-calidad-de-vida-en-una-vivienda-hoy\\\/\"},\"wordCount\":878,\"publisher\":{\"@id\":\"https:\\\/\\\/praxfer.com\\\/en\\\/#organization\"},\"image\":{\"@id\":\"https:\\\/\\\/praxfer.com\\\/en\\\/que-significa-calidad-de-vida-en-una-vivienda-hoy\\\/#primaryimage\"},\"thumbnailUrl\":\"https:\\\/\\\/praxfer.com\\\/wp-content\\\/uploads\\\/2026\\\/04\\\/05_VIV139_TIP40_Vivienda-Salon.jpg\",\"articleSection\":[\"Market insights\"],\"inLanguage\":\"en-US\"},{\"@type\":\"WebPage\",\"@id\":\"https:\\\/\\\/praxfer.com\\\/en\\\/que-significa-calidad-de-vida-en-una-vivienda-hoy\\\/\",\"url\":\"https:\\\/\\\/praxfer.com\\\/en\\\/que-significa-calidad-de-vida-en-una-vivienda-hoy\\\/\",\"name\":\"Qu\u00e9 significa calidad de vida en una vivienda hoy | Praxfer Homes\",\"isPartOf\":{\"@id\":\"https:\\\/\\\/praxfer.com\\\/en\\\/#website\"},\"primaryImageOfPage\":{\"@id\":\"https:\\\/\\\/praxfer.com\\\/en\\\/que-significa-calidad-de-vida-en-una-vivienda-hoy\\\/#primaryimage\"},\"image\":{\"@id\":\"https:\\\/\\\/praxfer.com\\\/en\\\/que-significa-calidad-de-vida-en-una-vivienda-hoy\\\/#primaryimage\"},\"thumbnailUrl\":\"https:\\\/\\\/praxfer.com\\\/wp-content\\\/uploads\\\/2026\\\/04\\\/05_VIV139_TIP40_Vivienda-Salon.jpg\",\"datePublished\":\"2026-04-30T11:11:08+00:00\",\"dateModified\":\"2026-04-30T11:28:51+00:00\",\"description\":\"Metros, precio, ubicaci\u00f3n: ya no es suficiente. Descubre las 5 dimensiones que realmente determinan la calidad de vida en una vivienda premium en Marbella.\",\"breadcrumb\":{\"@id\":\"https:\\\/\\\/praxfer.com\\\/en\\\/que-significa-calidad-de-vida-en-una-vivienda-hoy\\\/#breadcrumb\"},\"inLanguage\":\"en-US\",\"potentialAction\":[{\"@type\":\"ReadAction\",\"target\":[\"https:\\\/\\\/praxfer.com\\\/en\\\/que-significa-calidad-de-vida-en-una-vivienda-hoy\\\/\"]}]},{\"@type\":\"ImageObject\",\"inLanguage\":\"en-US\",\"@id\":\"https:\\\/\\\/praxfer.com\\\/en\\\/que-significa-calidad-de-vida-en-una-vivienda-hoy\\\/#primaryimage\",\"url\":\"https:\\\/\\\/praxfer.com\\\/wp-content\\\/uploads\\\/2026\\\/04\\\/05_VIV139_TIP40_Vivienda-Salon.jpg\",\"contentUrl\":\"https:\\\/\\\/praxfer.com\\\/wp-content\\\/uploads\\\/2026\\\/04\\\/05_VIV139_TIP40_Vivienda-Salon.jpg\",\"width\":2560,\"height\":1440,\"caption\":\"Sal\u00f3n luminoso con vistas al Mediterr\u00e1neo en vivienda de obra nueva\"},{\"@type\":\"BreadcrumbList\",\"@id\":\"https:\\\/\\\/praxfer.com\\\/en\\\/que-significa-calidad-de-vida-en-una-vivienda-hoy\\\/#breadcrumb\",\"itemListElement\":[{\"@type\":\"ListItem\",\"position\":1,\"name\":\"Home\",\"item\":\"https:\\\/\\\/praxfer.com\\\/en\\\/\"},{\"@type\":\"ListItem\",\"position\":2,\"name\":\"Qu\u00e9 significa realmente calidad de vida en una vivienda hoy\"}]},{\"@type\":\"WebSite\",\"@id\":\"https:\\\/\\\/praxfer.com\\\/en\\\/#website\",\"url\":\"https:\\\/\\\/praxfer.com\\\/en\\\/\",\"name\":\"PRAXFER\",\"description\":\"PRAXFER\",\"publisher\":{\"@id\":\"https:\\\/\\\/praxfer.com\\\/en\\\/#organization\"},\"alternateName\":\"PRAXFER HOMES\",\"potentialAction\":[{\"@type\":\"SearchAction\",\"target\":{\"@type\":\"EntryPoint\",\"urlTemplate\":\"https:\\\/\\\/praxfer.com\\\/en\\\/?s={search_term_string}\"},\"query-input\":{\"@type\":\"PropertyValueSpecification\",\"valueRequired\":true,\"valueName\":\"search_term_string\"}}],\"inLanguage\":\"en-US\"},{\"@type\":\"Organization\",\"@id\":\"https:\\\/\\\/praxfer.com\\\/en\\\/#organization\",\"name\":\"PRAXFER\",\"alternateName\":\"PRAXFER HOMES\",\"url\":\"https:\\\/\\\/praxfer.com\\\/en\\\/\",\"logo\":{\"@type\":\"ImageObject\",\"inLanguage\":\"en-US\",\"@id\":\"https:\\\/\\\/praxfer.com\\\/en\\\/#\\\/schema\\\/logo\\\/image\\\/\",\"url\":\"https:\\\/\\\/paxfer.agenciaimagen.es\\\/wp-content\\\/uploads\\\/2025\\\/09\\\/logo-sostenibilidad.svg\",\"contentUrl\":\"https:\\\/\\\/paxfer.agenciaimagen.es\\\/wp-content\\\/uploads\\\/2025\\\/09\\\/logo-sostenibilidad.svg\",\"width\":113,\"height\":98,\"caption\":\"PRAXFER\"},\"image\":{\"@id\":\"https:\\\/\\\/praxfer.com\\\/en\\\/#\\\/schema\\\/logo\\\/image\\\/\"}},{\"@type\":\"Person\",\"@id\":\"https:\\\/\\\/praxfer.com\\\/en\\\/#\\\/schema\\\/person\\\/b51c9243580ae3750f755e919be25a49\",\"name\":\"im4g3n@p4xfer\",\"image\":{\"@type\":\"ImageObject\",\"inLanguage\":\"en-US\",\"@id\":\"https:\\\/\\\/secure.gravatar.com\\\/avatar\\\/cb6b444ef696e30ff57a897790f0a5e39879c685075d8c8548761f3bc28befd1?s=96&d=mm&r=g\",\"url\":\"https:\\\/\\\/secure.gravatar.com\\\/avatar\\\/cb6b444ef696e30ff57a897790f0a5e39879c685075d8c8548761f3bc28befd1?s=96&d=mm&r=g\",\"contentUrl\":\"https:\\\/\\\/secure.gravatar.com\\\/avatar\\\/cb6b444ef696e30ff57a897790f0a5e39879c685075d8c8548761f3bc28befd1?s=96&d=mm&r=g\",\"caption\":\"im4g3n@p4xfer\"},\"sameAs\":[\"https:\\\/\\\/paxfer.agenciaimagen.es\"]}]}<\/script>\n<!-- \/ Yoast SEO plugin. -->","yoast_head_json":{"title":"Qu\u00e9 significa calidad de vida en una vivienda hoy | Praxfer Homes","description":"Metros, precio, ubicaci\u00f3n: ya no es suficiente. Descubre las 5 dimensiones que realmente determinan la calidad de vida en una vivienda premium en Marbella.","robots":{"index":"index","follow":"follow","max-snippet":"max-snippet:-1","max-image-preview":"max-image-preview:large","max-video-preview":"max-video-preview:-1"},"canonical":"https:\/\/praxfer.com\/en\/que-significa-calidad-de-vida-en-una-vivienda-hoy\/","og_locale":"en_US","og_type":"article","og_title":"Qu\u00e9 significa calidad de vida en una vivienda hoy","og_description":"Metros, precio, ubicaci\u00f3n: eso ya no es suficiente. Descubre las cinco dimensiones que realmente determinan la calidad de vida en una vivienda premium en Marbella.","og_url":"https:\/\/praxfer.com\/en\/que-significa-calidad-de-vida-en-una-vivienda-hoy\/","og_site_name":"PRAXFER","article_published_time":"2026-04-30T11:11:08+00:00","article_modified_time":"2026-04-30T11:28:51+00:00","og_image":[{"width":2560,"height":1440,"url":"https:\/\/praxfer.com\/wp-content\/uploads\/2026\/04\/05_VIV139_TIP40_Vivienda-Salon.jpg","type":"image\/jpeg"}],"author":"im4g3n@p4xfer","twitter_card":"summary_large_image","schema":{"@context":"https:\/\/schema.org","@graph":[{"@type":"Article","@id":"https:\/\/praxfer.com\/en\/que-significa-calidad-de-vida-en-una-vivienda-hoy\/#article","isPartOf":{"@id":"https:\/\/praxfer.com\/en\/que-significa-calidad-de-vida-en-una-vivienda-hoy\/"},"author":{"name":"im4g3n@p4xfer","@id":"https:\/\/praxfer.com\/en\/#\/schema\/person\/b51c9243580ae3750f755e919be25a49"},"headline":"Qu\u00e9 significa realmente calidad de vida en una vivienda hoy","datePublished":"2026-04-30T11:11:08+00:00","dateModified":"2026-04-30T11:28:51+00:00","mainEntityOfPage":{"@id":"https:\/\/praxfer.com\/en\/que-significa-calidad-de-vida-en-una-vivienda-hoy\/"},"wordCount":878,"publisher":{"@id":"https:\/\/praxfer.com\/en\/#organization"},"image":{"@id":"https:\/\/praxfer.com\/en\/que-significa-calidad-de-vida-en-una-vivienda-hoy\/#primaryimage"},"thumbnailUrl":"https:\/\/praxfer.com\/wp-content\/uploads\/2026\/04\/05_VIV139_TIP40_Vivienda-Salon.jpg","articleSection":["Market insights"],"inLanguage":"en-US"},{"@type":"WebPage","@id":"https:\/\/praxfer.com\/en\/que-significa-calidad-de-vida-en-una-vivienda-hoy\/","url":"https:\/\/praxfer.com\/en\/que-significa-calidad-de-vida-en-una-vivienda-hoy\/","name":"Qu\u00e9 significa calidad de vida en una vivienda hoy | Praxfer Homes","isPartOf":{"@id":"https:\/\/praxfer.com\/en\/#website"},"primaryImageOfPage":{"@id":"https:\/\/praxfer.com\/en\/que-significa-calidad-de-vida-en-una-vivienda-hoy\/#primaryimage"},"image":{"@id":"https:\/\/praxfer.com\/en\/que-significa-calidad-de-vida-en-una-vivienda-hoy\/#primaryimage"},"thumbnailUrl":"https:\/\/praxfer.com\/wp-content\/uploads\/2026\/04\/05_VIV139_TIP40_Vivienda-Salon.jpg","datePublished":"2026-04-30T11:11:08+00:00","dateModified":"2026-04-30T11:28:51+00:00","description":"Metros, precio, ubicaci\u00f3n: ya no es suficiente. Descubre las 5 dimensiones que realmente determinan la calidad de vida en una vivienda premium en Marbella.","breadcrumb":{"@id":"https:\/\/praxfer.com\/en\/que-significa-calidad-de-vida-en-una-vivienda-hoy\/#breadcrumb"},"inLanguage":"en-US","potentialAction":[{"@type":"ReadAction","target":["https:\/\/praxfer.com\/en\/que-significa-calidad-de-vida-en-una-vivienda-hoy\/"]}]},{"@type":"ImageObject","inLanguage":"en-US","@id":"https:\/\/praxfer.com\/en\/que-significa-calidad-de-vida-en-una-vivienda-hoy\/#primaryimage","url":"https:\/\/praxfer.com\/wp-content\/uploads\/2026\/04\/05_VIV139_TIP40_Vivienda-Salon.jpg","contentUrl":"https:\/\/praxfer.com\/wp-content\/uploads\/2026\/04\/05_VIV139_TIP40_Vivienda-Salon.jpg","width":2560,"height":1440,"caption":"Sal\u00f3n luminoso con vistas al Mediterr\u00e1neo en vivienda de obra nueva"},{"@type":"BreadcrumbList","@id":"https:\/\/praxfer.com\/en\/que-significa-calidad-de-vida-en-una-vivienda-hoy\/#breadcrumb","itemListElement":[{"@type":"ListItem","position":1,"name":"Home","item":"https:\/\/praxfer.com\/en\/"},{"@type":"ListItem","position":2,"name":"Qu\u00e9 significa realmente calidad de vida en una vivienda hoy"}]},{"@type":"WebSite","@id":"https:\/\/praxfer.com\/en\/#website","url":"https:\/\/praxfer.com\/en\/","name":"PRAXFER","description":"PRAXFER","publisher":{"@id":"https:\/\/praxfer.com\/en\/#organization"},"alternateName":"PRAXFER HOMES","potentialAction":[{"@type":"SearchAction","target":{"@type":"EntryPoint","urlTemplate":"https:\/\/praxfer.com\/en\/?s={search_term_string}"},"query-input":{"@type":"PropertyValueSpecification","valueRequired":true,"valueName":"search_term_string"}}],"inLanguage":"en-US"},{"@type":"Organization","@id":"https:\/\/praxfer.com\/en\/#organization","name":"PRAXFER","alternateName":"PRAXFER HOMES","url":"https:\/\/praxfer.com\/en\/","logo":{"@type":"ImageObject","inLanguage":"en-US","@id":"https:\/\/praxfer.com\/en\/#\/schema\/logo\/image\/","url":"https:\/\/paxfer.agenciaimagen.es\/wp-content\/uploads\/2025\/09\/logo-sostenibilidad.svg","contentUrl":"https:\/\/paxfer.agenciaimagen.es\/wp-content\/uploads\/2025\/09\/logo-sostenibilidad.svg","width":113,"height":98,"caption":"PRAXFER"},"image":{"@id":"https:\/\/praxfer.com\/en\/#\/schema\/logo\/image\/"}},{"@type":"Person","@id":"https:\/\/praxfer.com\/en\/#\/schema\/person\/b51c9243580ae3750f755e919be25a49","name":"im4g3n@p4xfer","image":{"@type":"ImageObject","inLanguage":"en-US","@id":"https:\/\/secure.gravatar.com\/avatar\/cb6b444ef696e30ff57a897790f0a5e39879c685075d8c8548761f3bc28befd1?s=96&d=mm&r=g","url":"https:\/\/secure.gravatar.com\/avatar\/cb6b444ef696e30ff57a897790f0a5e39879c685075d8c8548761f3bc28befd1?s=96&d=mm&r=g","contentUrl":"https:\/\/secure.gravatar.com\/avatar\/cb6b444ef696e30ff57a897790f0a5e39879c685075d8c8548761f3bc28befd1?s=96&d=mm&r=g","caption":"im4g3n@p4xfer"},"sameAs":["https:\/\/paxfer.agenciaimagen.es"]}]}},"_links":{"self":[{"href":"https:\/\/praxfer.com\/en\/wp-json\/wp\/v2\/posts\/1915","targetHints":{"allow":["GET"]}}],"collection":[{"href":"https:\/\/praxfer.com\/en\/wp-json\/wp\/v2\/posts"}],"about":[{"href":"https:\/\/praxfer.com\/en\/wp-json\/wp\/v2\/types\/post"}],"author":[{"embeddable":true,"href":"https:\/\/praxfer.com\/en\/wp-json\/wp\/v2\/users\/1"}],"replies":[{"embeddable":true,"href":"https:\/\/praxfer.com\/en\/wp-json\/wp\/v2\/comments?post=1915"}],"version-history":[{"count":3,"href":"https:\/\/praxfer.com\/en\/wp-json\/wp\/v2\/posts\/1915\/revisions"}],"predecessor-version":[{"id":1928,"href":"https:\/\/praxfer.com\/en\/wp-json\/wp\/v2\/posts\/1915\/revisions\/1928"}],"wp:featuredmedia":[{"embeddable":true,"href":"https:\/\/praxfer.com\/en\/wp-json\/wp\/v2\/media\/1917"}],"wp:attachment":[{"href":"https:\/\/praxfer.com\/en\/wp-json\/wp\/v2\/media?parent=1915"}],"wp:term":[{"taxonomy":"category","embeddable":true,"href":"https:\/\/praxfer.com\/en\/wp-json\/wp\/v2\/categories?post=1915"},{"taxonomy":"post_tag","embeddable":true,"href":"https:\/\/praxfer.com\/en\/wp-json\/wp\/v2\/tags?post=1915"}],"curies":[{"name":"wp","href":"https:\/\/api.w.org\/{rel}","templated":true}]}}